{"id":2013,"date":"2020-09-25T16:04:00","date_gmt":"2020-09-25T20:04:00","guid":{"rendered":"https:\/\/northernlightsaerofoundation.com\/la-northern-lights-aero-foundation-annonce-les-laureates-des-prix-2020\/"},"modified":"2023-09-11T11:12:15","modified_gmt":"2023-09-11T15:12:15","slug":"la-northern-lights-aero-foundation-annonce-les-laureates-des-prix-2020","status":"publish","type":"post","link":"https:\/\/northernlightsaerofoundation.com\/fr\/la-northern-lights-aero-foundation-annonce-les-laureates-des-prix-2020\/","title":{"rendered":"La Northern Lights Aero Foundation annonce les laur\u00e9ates des prix 2020"},"content":{"rendered":"\n<p>TORONTO, le 25 septembre 2020 \u2013 La Northern Lights Aero Foundation a annonc\u00e9 aujourd\u2019hui les laur\u00e9ates 2020 des prix Elsie MacGill (les Elsie) qui r\u00e9compensent des Canadiennes ayant grandement contribu\u00e9 aux domaines de l\u2019aviation et de l\u2019a\u00e9rospatiale.<\/p>\n\n<p>\u00ab Notre objectif est d\u2019accorder davantage de reconnaissance aux femmes qui travaillent dans les secteurs de l\u2019aviation et de l\u2019a\u00e9rospatiale au Canada, a expliqu\u00e9 Kathleen Lang, pr\u00e9sidente de la Northern Lights Aero Foundation. Les laur\u00e9ates de cette ann\u00e9e sont des mod\u00e8les extraordinairement inspirants pour la nouvelle g\u00e9n\u00e9ration de femmes dans ces domaines. En raison des restrictions li\u00e9es \u00e0 la COVID-19, la remise des prix aura lieu en 2021. \u00bb <\/p>\n\n<p>Nomm\u00e9 en l\u2019honneur d\u2019Elsie Gregory MacGill, pionni\u00e8re de l\u2019aviation et d\u00e9fenseuse des droits de la personne, le prix r\u00e9compense huit femmes d\u2019exception dans sept cat\u00e9gories : Affaires, \u00c9ducation, Ing\u00e9nierie, Op\u00e9rations a\u00e9riennes, Gouvernement, Pr\u00e9curseure et \u00c9toile montante.<\/p>\n\n<p>Les laur\u00e9ates des prix 2020-2021 sont :<\/p>\n\n<p>Prix des affaires \u2013 Nancy Barber : En juillet 2020, Nancy Barber a \u00e9t\u00e9 nomm\u00e9e chef de l\u2019exploitation pour les volets industrialisation de l\u2019exploitation, empreinte et planification centrale de Bombardier Aviation. Elle est responsable de l\u2019harmonisation des processus d\u2019exploitation dans toutes les installations de fabrication. Auparavant, elle \u00e9tait chef de l\u2019exploitation de la cha\u00eene d\u2019assemblage final et des livraisons pour les programmes d\u2019avions Learjet, Challenger et Global en production dans les installations de Bombardier \u00e0 Montr\u00e9al, Toronto et Wichita, ainsi que dans le secteur de l\u2019approvisionnement de l\u2019unit\u00e9. Nancy Barber a rejoint la soci\u00e9t\u00e9 en 1998. Elle a occup\u00e9 des postes de responsabilit\u00e9s croissantes, notamment dans les domaines de la production, de la qualit\u00e9, du centre de livraison \u00e0 la client\u00e8le, de la gestion des fournisseurs pour les avions en service et de la cha\u00eene d\u2019approvisionnement. Elle a \u00e9galement jou\u00e9 un r\u00f4le d\u00e9terminant dans la mise sur pied du congr\u00e8s sur le th\u00e8me des femmes occupant des postes de direction de Bombardier et elle est mentore dans le cadre du programme de mentorat Northern Lights.    <\/p>\n\n<p>Prix \u00c9ducation \u2013 Jo-Anne Tabobandung : Jo-Anne Tabobandung est la doyenne des \u00e9tudes en aviation au First Nations Technical Institute (FNTI), sur le territoire mohawk de Tyendinaga. Le FNTI offre le seul programme d\u2019aviation postsecondaire autochtone du genre au Canada, qui s\u2019adresse aux Premi\u00e8res Nations, aux M\u00e9tis et aux Inuits d\u2019un oc\u00e9an \u00e0 l\u2019autre. Dipl\u00f4m\u00e9e du programme en 1992, JoAnne Tabobandung a \u00e9t\u00e9 pilote pour le service de vols nolis\u00e9s du FNTI et a occup\u00e9 le poste de chef instructrice de vol pendant 14 ans. \u00c0 titre de doyenne des \u00e9tudes en aviation, elle supervise l\u2019\u00e9cole de pilotage, le secteur des \u00e9tudes et l\u2019organisme de maintenance agr\u00e9\u00e9. Championne des \u00e9tudiants, elle veille \u00e0 ce qu\u2019ils profitent d\u2019un contexte d\u2019\u00e9tude collaboratif, inclusif et culturellement pertinent, et cr\u00e9e des occasions d\u2019apprentissage et d\u2019emploi en \u00e9tablissant de solides partenariats dans l\u2019ensemble du secteur de l\u2019aviation.    <\/p>\n\n<p>Prix de l\u2019ing\u00e9nierie \u2013 Kathryn Atamanchuk, ing., MBA, PMP, FIC : Apr\u00e8s avoir obtenu un baccalaur\u00e9at en g\u00e9nie m\u00e9canique de l\u2019Universit\u00e9 du Manitoba en 1999, Kathryn Atamanchuk a commenc\u00e9 sa carri\u00e8re \u00e0 StandardAero en tant qu\u2019ing\u00e9nieure de maintenance des moteurs T56. Au cours de ses 13 ann\u00e9es \u00e0 StandardAero, elle a acquis de l\u2019exp\u00e9rience dans des postes de direction \u2014 tant du c\u00f4t\u00e9 technique que de l\u2019ing\u00e9nierie \u2014 tout en faisant une ma\u00eetrise en administration des affaires. Depuis huit ans, elle est ing\u00e9nieure en r\u00e9sidence et facilitatrice des partenariats avec l\u2019industrie \u00e0 la facult\u00e9 de g\u00e9nie Price de l\u2019Universit\u00e9 du Manitoba. Elle a tr\u00e8s \u00e0 c\u0153ur la pr\u00e9sence des femmes en g\u00e9nie et en a\u00e9rospatiale. En 2019, elle a fait une ma\u00eetrise en g\u00e9nie des biosyst\u00e8mes pour \u00e9tudier la pers\u00e9v\u00e9rance professionnelle des femmes en g\u00e9nie.<\/p>\n\n<p>Prix des op\u00e9rations a\u00e9riennes \u2013 Stacey Jackson : Forte de plus de 20 ans d\u2019exp\u00e9rience dans le secteur de l\u2019aviation, Stacey Jackson a effectu\u00e9 des vols en montagne, sur planeur et d\u2019\u00e9vacuation sanitaire, en plus d\u2019avoir \u00e9t\u00e9 commandante de bord d\u2019un Dash 7 pour les Nations Unies au Moyen-Orient et en Afrique. Elle est titulaire d\u2019un dipl\u00f4me sp\u00e9cialis\u00e9 en technologie de l\u2019aviation et pilotage du Coll\u00e8ge Sault ainsi que d\u2019un baccalaur\u00e9at \u00e8s sciences avec sp\u00e9cialisation en a\u00e9ronautique obtenu avec tr\u00e8s grande distinction et d\u2019une ma\u00eetrise en sciences a\u00e9ronautiques portant sur les facteurs humains et les enqu\u00eates sur les accidents et incidents d\u2019aviation de l\u2019Embry-Riddle Aeronautical University. Elle est membre de l\u2019Association internationale des enqu\u00eateurs de la s\u00e9curit\u00e9 a\u00e9rienne et est actuellement enqu\u00eatrice des accidents d\u2019a\u00e9ronefs au sein de l\u2019Air Line Pilots Association, o\u00f9 elle repr\u00e9sente WestJet, soci\u00e9t\u00e9 pour qui elle pilote un 737NG de Boeing. Elle est la repr\u00e9sentante canadienne du groupe de travail sur les femmes pilotes de la F\u00e9d\u00e9ration internationale des associations de pilotes de ligne, groupe qui \u00e9tudie les questions touchant les femmes pilotes de ligne partout dans le monde.   <\/p>\n\n<p>Prix du gouvernement \u2013 Lieutenant-colonel Diane Baldasaro : Dipl\u00f4m\u00e9e du Coll\u00e8ge militaire royal du Canada, Diane Baldasaro a re\u00e7u ses ailes de pilote et a pilot\u00e9 le CC-130 Hercules au sein du 435e Escadron bas\u00e9 \u00e0 Winnipeg dans le cadre d\u2019op\u00e9rations de recherche et sauvetage, de ravitaillement air-air et de transport a\u00e9rien tactique. Promue commandant d\u2019a\u00e9ronef, elle est devenue pilote examinatrice de vol aux instruments et officier des normes de l\u2019Escadron du 436e Escadron bas\u00e9 \u00e0 Trenton. \u00c0 la suite de quatre d\u00e9ploiements en Afghanistan, elle obtient le grade de major et, \u00e0 titre de chef d\u2019\u00e9quipage de l\u2019Escadron, elle supervise la livraison des CC-130J Hercules et la formation initiale des \u00e9quipages. Elle a ensuite \u00e9t\u00e9 affect\u00e9e \u00e0 la 2e \u00c9cole de pilotage des Forces canadiennes en tant que chef instructrice de vol. De retour \u00e0 Trenton, elle a suivi le Programme de commandement et d\u2019\u00e9tat-major interarm\u00e9es du Coll\u00e8ge des Forces canadiennes avant de devenir officier adjoint des op\u00e9rations de la 8e Escadre.     Promue \u00e0 son grade actuel de lieutenant-colonel, elle a \u00e9t\u00e9 chef de l\u2019\u00e9quipe de planification op\u00e9rationnelle de l\u2019initiative de r\u00e9\u00e9quilibrage de l\u2019essai et de l\u2019\u00e9valuation a\u00e9riens de l\u2019Aviation royale canadienne. En 2018, elle est devenue commandant du 437e Escadron, responsable du ravitaillement strat\u00e9gique en vol et du transport de personnalit\u00e9s pour le gouvernement du Canada \u00e0 bord du CC-150 Polaris d\u2019Airbus, un point culminant de sa carri\u00e8re. <\/p>\n\n<p>Prix Pr\u00e9curseure \u2013 Colonel honoraire Kendra Kincade : Kendra Kincade a \u00e9t\u00e9 contr\u00f4leuse a\u00e9rienne pendant pr\u00e8s de 20 ans avant de devenir sp\u00e9cialiste de l\u2019image de marque des employ\u00e9s de Nav Canada. Elle a commenc\u00e9 son parcours philanthropique en faisant l\u2019ascension du mont Kilimanjaro afin de recueillir des fonds pour l\u2019h\u00f4pital Lois Hole, puis a fond\u00e9 l\u2019organisme \u00e0 but non lucratif Changing Stories, entreprenant des projets tels que la construction d\u2019\u00e9coles et l\u2019am\u00e9nagement de terrains de jeux au Salvador et au Nicaragua. En 2015, elle a fond\u00e9 Elevate, un organisme \u00e0 but non lucratif ayant pour mission d\u2019aider les femmes \u00e0 se r\u00e9aliser. Elle en est actuellement la pr\u00e9sidente et directrice g\u00e9n\u00e9rale. Elevate est un r\u00e9seau de soutien pour les femmes dans le domaine de l\u2019aviation. Il est dot\u00e9 d\u2019un programme de mentorat et de bourses ainsi que du Centre d\u2019apprentissage d\u2019Elevate Aviation qui mobilise les jeunes femmes dans la poursuite d\u2019une carri\u00e8re dans le secteur. Kendra est colonel honoraire du 417e Escadron d\u2019h\u00e9licopt\u00e8res de l\u2019Aviation royale du Canada et a re\u00e7u de nombreux prix et distinctions pour son travail qui inspire les femmes partout au Canada.    <\/p>\n\n<p>Prix \u00c9toile montante \u2013 Maegan Extross : Maegan Extross s\u2019est jointe aux Cadets de l\u2019Air \u00e0 l\u2019\u00e2ge de 12 ans et a obtenu sa licence de pilote de planeur et sa licence de pilote priv\u00e9 avant de recevoir son dipl\u00f4me d\u2019adjudant de deuxi\u00e8me classe en 2015. Elle a suivi le programme d\u2019\u00e9tudes sp\u00e9cialis\u00e9es en s\u00e9curit\u00e9 a\u00e9rienne du Coll\u00e8ge Seneca, o\u00f9 elle a relanc\u00e9 l\u2019association d\u2019aviation du coll\u00e8ge d\u00e8s sa premi\u00e8re ann\u00e9e et organis\u00e9 une activit\u00e9 de r\u00e9seautage qui a permis de r\u00e9unir des membres de l\u2019industrie et des \u00e9tudiants. Major de promotion, Maegan a obtenu un dipl\u00f4me sp\u00e9cialis\u00e9. Au cours de ses \u00e9tudes, elle a fait un stage coop\u00e9ratif \u00e0 Nav Canada, o\u00f9 elle a \u00e9t\u00e9 embauch\u00e9e \u00e0 temps plein apr\u00e8s l\u2019obtention de son dipl\u00f4me en 2018. Elle y est aujourd\u2019hui analyste de recherche et proc\u00e8de \u00e0 des analyses de la circulation et de la s\u00e9curit\u00e9 pour appuyer la prise de d\u00e9cisions.     <\/p>\n\n<p>Prix \u00c9toile montante \u2013 Kathleen Legge : Kathleen Legge a re\u00e7u ses ailes \u00e0 17 ans gr\u00e2ce \u00e0 la bourse de pilotage d\u2019avion motoris\u00e9 des Cadets de l\u2019Air, puis a suivi le cours de pilote professionnel int\u00e9gr\u00e9, dans les deux cas au Coll\u00e8ge d\u2019aviation de Moncton. Elle a ensuite v\u00e9cu une saison passionnante \u00e0 transporter des parachutistes tout en \u00e9tant r\u00e9partitrice \u00e0 Skylink Express. Elle est finalement pass\u00e9e \u00e0 l\u2019aire de trafic, transportant du fret \u00e0 bord d\u2019un Caravan de Cessna et assurant \u00e0 un seul pilote la desserte de nombreuses destinations pr\u00e9sentant un certain niveau de difficult\u00e9 dans les Maritimes. Elle a \u00e9t\u00e9 embauch\u00e9e par la suite comme commandante de bord de King Air 200 pour la Maritime Air Charter, o\u00f9 elle a eu souvent la t\u00e2che gratifiante de transporter des organes. En plus d\u2019\u00eatre chef pilote adjointe, responsable de la s\u00e9curit\u00e9 a\u00e9rienne et directrice du marketing, elle est aussi directrice des op\u00e9rations a\u00e9riennes. Kathleen est \u00e9galement commandante de bord contractuelle d\u2019un Astra SP de Gulfstream pour NovaJet Aviation Group, dont le si\u00e8ge social est situ\u00e9 \u00e0 Toronto, pour des affr\u00e8tements priv\u00e9s et du secteur des affaires.     <\/p>\n\n<p>Le d\u00eener de remise des prix 2021 est pr\u00e9vu le samedi 16 octobre 2021, au Sheraton Parkway Hotel and Suites Conference Centre, \u00e0 Richmond Hill, en Ontario.<\/p>\n\n<p>\u00c0 propos de la Northern Lights Aero Foundation<\/p>\n\n<p>La Northern Lights Aero Foundation remet pour la douzi\u00e8me ann\u00e9e ses prix Elsie MacGill afin de saluer des femmes faisant carri\u00e8re dans les secteurs de l\u2019aviation et de l\u2019a\u00e9rospatiale au Canada. Parmi les autres initiatives de la Northern Lights Aero Foundation, mentionnons son bureau des conf\u00e9renciers, son programme de mentorat et son programme de bourses d\u2019\u00e9tudes. <\/p>\n\n<p>Pour de plus amples renseignements, consultez le site northernlightsaerofoundation.com ou suivez @NorthernLightsAero sur Facebook et Instagram.<\/p>\n\n<p>Personne-ressource pour les m\u00e9dias : Anna Pangrazzi<\/p>\n\n<p>Courriel : sales@northernlightsaerofoundation.com<\/p>\n\n<p>Cellulaire : 416 399-5247<\/p>\n","protected":false},"excerpt":{"rendered":"<p>TORONTO, le 25 septembre 2020 \u2013 La Northern Lights Aero Foundation a annonc\u00e9 aujourd\u2019hui les laur\u00e9ates 2020 des prix Elsie MacGill (les Elsie) qui r\u00e9compensent des Canadiennes ayant grandement contribu\u00e9 [&hellip;]<\/p>\n","protected":false},"author":3,"featured_media":1845,"comment_status":"closed","ping_status":"closed","sticky":false,"template":"","format":"standard","meta":{"_acf_changed":false,"_EventAllDay":false,"_EventTimezone":"","_EventStartDate":"","_EventEndDate":"","_EventStartDateUTC":"","_EventEndDateUTC":"","_EventShowMap":false,"_EventShowMapLink":false,"_EventURL":"","_EventCost":"","_EventCostDescription":"","_EventCurrencySymbol":"","_EventCurrencyCode":"","_EventCurrencyPosition":"","_EventDateTimeSeparator":"","_EventTimeRangeSeparator":"","_EventOrganizerID":[],"_EventVenueID":[],"_OrganizerEmail":"","_OrganizerPhone":"","_OrganizerWebsite":"","_VenueAddress":"","_VenueCity":"","_VenueCountry":"","_VenueProvince":"","_VenueState":"","_VenueZip":"","_VenuePhone":"","_VenueURL":"","_VenueStateProvince":"","_VenueLat":"","_VenueLng":"","_VenueShowMap":false,"_VenueShowMapLink":false,"wds_primary_category":0,"footnotes":""},"categories":[23],"tags":[],"class_list":["post-2013","post","type-post","status-publish","format-standard","has-post-thumbnail","hentry","category-news-fr"],"acf":[],"_links":{"self":[{"href":"https:\/\/northernlightsaerofoundation.com\/fr\/wp-json\/wp\/v2\/posts\/2013","targetHints":{"allow":["GET"]}}],"collection":[{"href":"https:\/\/northernlightsaerofoundation.com\/fr\/wp-json\/wp\/v2\/posts"}],"about":[{"href":"https:\/\/northernlightsaerofoundation.com\/fr\/wp-json\/wp\/v2\/types\/post"}],"author":[{"embeddable":true,"href":"https:\/\/northernlightsaerofoundation.com\/fr\/wp-json\/wp\/v2\/users\/3"}],"replies":[{"embeddable":true,"href":"https:\/\/northernlightsaerofoundation.com\/fr\/wp-json\/wp\/v2\/comments?post=2013"}],"version-history":[{"count":3,"href":"https:\/\/northernlightsaerofoundation.com\/fr\/wp-json\/wp\/v2\/posts\/2013\/revisions"}],"predecessor-version":[{"id":2016,"href":"https:\/\/northernlightsaerofoundation.com\/fr\/wp-json\/wp\/v2\/posts\/2013\/revisions\/2016"}],"wp:featuredmedia":[{"embeddable":true,"href":"https:\/\/northernlightsaerofoundation.com\/fr\/wp-json\/wp\/v2\/media\/1845"}],"wp:attachment":[{"href":"https:\/\/northernlightsaerofoundation.com\/fr\/wp-json\/wp\/v2\/media?parent=2013"}],"wp:term":[{"taxonomy":"category","embeddable":true,"href":"https:\/\/northernlightsaerofoundation.com\/fr\/wp-json\/wp\/v2\/categories?post=2013"},{"taxonomy":"post_tag","embeddable":true,"href":"https:\/\/northernlightsaerofoundation.com\/fr\/wp-json\/wp\/v2\/tags?post=2013"}],"curies":[{"name":"wp","href":"https:\/\/api.w.org\/{rel}","templated":true}]}}