{"id":2017,"date":"2020-05-31T16:05:00","date_gmt":"2020-05-31T20:05:00","guid":{"rendered":"https:\/\/northernlightsaerofoundation.com\/annulation-du-gala-des-prix-elsie-macgill-northern-lights-2020\/"},"modified":"2023-09-11T11:16:39","modified_gmt":"2023-09-11T15:16:39","slug":"annulation-du-gala-des-prix-elsie-macgill-northern-lights-2020","status":"publish","type":"post","link":"https:\/\/northernlightsaerofoundation.com\/fr\/annulation-du-gala-des-prix-elsie-macgill-northern-lights-2020\/","title":{"rendered":"Annulation du gala des prix Elsie MacGill Northern Lights 2020"},"content":{"rendered":"\n<p>TORONTO, le 31 mai 2020 \u2013 La Northern Lights Aero Foundation a annonc\u00e9 aujourd\u2019hui l\u2019annulation de la 12e \u00e9dition annuelle du gala des prix Elsie MacGill en raison de la situation sans pr\u00e9c\u00e9dent li\u00e9e \u00e0 la pand\u00e9mie de COVID-19. Une telle d\u00e9cision n\u2019a pas \u00e9t\u00e9 facile \u00e0 prendre, mais nous croyons que c\u2019est la meilleure chose \u00e0 faire compte tenu des circonstances. Le plus important, c\u2019est la s\u00e9curit\u00e9 de notre collectivit\u00e9. Nous tenons \u00e0 remercier nos commanditaires de leur soutien constant au fil des ans, et nous avons d\u00e9j\u00e0 h\u00e2te au gala de 2021, \u00e0 l\u2019occasion duquel nous pourrons c\u00e9l\u00e9brer les gagnants de 2020. Nous sommes impatients de pr\u00e9senter les gagnants des prix 2020, l\u2019automne prochain.    <\/p>\n\n<p>Joy Parker Blackwood, ancienne pr\u00e9sidente de la Northern Lights Aero Foundation, nous a adress\u00e9 ce message :<\/p>\n\n<p>\u00ab Nous traversons tous une ann\u00e9e tr\u00e8s difficile sur le plan personnel et professionnel. La reprise des activit\u00e9s commence progressivement, mais le retour \u00e0 une vie presque normale prendra malheureusement encore des mois. Quoi qu\u2019il en soit, la Northern Lights Aero Foundation tient bon, et nous poursuivons notre route en attendant la venue de jours meilleurs. Il est toujours n\u00e9cessaire de c\u00e9l\u00e9brer et de promouvoir les r\u00e9alisations des femmes et la diversit\u00e9 dans les secteurs de l\u2019aviation et de l\u2019a\u00e9rospatiale au Canada, et nous continuons de jouer un r\u00f4le de premier plan pour remplir cette mission importante. Je profite de l\u2019occasion pour vous pr\u00e9senter Kathleen Lang, notre nouvelle pr\u00e9sidente. Kathleen nous fait profiter depuis longtemps de sa pr\u00e9cieuse contribution en tant que membre du conseil d\u2019administration, et elle occupe actuellement un poste chez Bombardier. Nous vous offrons \u00e0 tous nos plus sinc\u00e8res salutations. \u00bb<\/p>\n\n<p>\u00c0 propos de la Northern Lights Aero Foundation<\/p>\n\n<p>La Northern Lights Aero Foundation est un organisme sans but lucratif qui rend hommage \u00e0 des Canadiennes d\u2019exception dans les secteurs de l\u2019aviation et de l\u2019a\u00e9rospatiale. Elle a pour mission d\u2019encourager les femmes au Canada \u00e0 r\u00e9ussir une carri\u00e8re dans ces secteurs en soulignant et en c\u00e9l\u00e9brant les r\u00e9alisations de femmes accomplies, en organisant des activit\u00e9s de sensibilisation et en faisant conna\u00eetre les possibilit\u00e9s de mentorat et de bourses d\u2019\u00e9tudes. \u00c0 l&rsquo;appui de sa mission, la fondation favorise et suscite une participation toujours plus grande des femmes dans les domaines de l\u2019aviation et de l\u2019a\u00e9ronautique en donnant une visibilit\u00e9 accrue aux laur\u00e9ates qui se d\u00e9marquent comme mod\u00e8les, en pr\u00e9sentant les vastes d\u00e9bouch\u00e9s dans tous les secteurs et en veillant \u00e0 ce que les entreprises reconnaissent et mettent \u00e0 profit les talents multiples et inexploit\u00e9s des femmes.  <\/p>\n\n<p>C\u2019est en 2009 que la Northern Lights Aero Foundation a cr\u00e9\u00e9 \u00e0 l&rsquo;\u00e9chelle nationale les prix Elsie MacGill (les Elsie), qui r\u00e9compensent chaque ann\u00e9e jusqu\u2019\u00e0 huit femmes pour leur apport dans certaines disciplines a\u00e9ronautiques et a\u00e9rospatiales. Les cat\u00e9gories de prix sont : Op\u00e9rations a\u00e9riennes, Gouvernement, Affaires, \u00c9ducation, Pionni\u00e8re, Ing\u00e9nierie et \u00c9toile montante (deux prix).  Pour de plus amples renseignements, consultez le site northernlightsaerofoundation.com, ou suivez @NorthernLightsAero sur Facebook et Instagram.<\/p>\n","protected":false},"excerpt":{"rendered":"<p>TORONTO, le 31 mai 2020 \u2013 La Northern Lights Aero Foundation a annonc\u00e9 aujourd\u2019hui l\u2019annulation de la 12e \u00e9dition annuelle du gala des prix Elsie MacGill en raison de la [&hellip;]<\/p>\n","protected":false},"author":3,"featured_media":1845,"comment_status":"closed","ping_status":"closed","sticky":false,"template":"","format":"standard","meta":{"_acf_changed":false,"_EventAllDay":false,"_EventTimezone":"","_EventStartDate":"","_EventEndDate":"","_EventStartDateUTC":"","_EventEndDateUTC":"","_EventShowMap":false,"_EventShowMapLink":false,"_EventURL":"","_EventCost":"","_EventCostDescription":"","_EventCurrencySymbol":"","_EventCurrencyCode":"","_EventCurrencyPosition":"","_EventDateTimeSeparator":"","_EventTimeRangeSeparator":"","_EventOrganizerID":[],"_EventVenueID":[],"_OrganizerEmail":"","_OrganizerPhone":"","_OrganizerWebsite":"","_VenueAddress":"","_VenueCity":"","_VenueCountry":"","_VenueProvince":"","_VenueState":"","_VenueZip":"","_VenuePhone":"","_VenueURL":"","_VenueStateProvince":"","_VenueLat":"","_VenueLng":"","_VenueShowMap":false,"_VenueShowMapLink":false,"wds_primary_category":0,"footnotes":""},"categories":[23],"tags":[],"class_list":["post-2017","post","type-post","status-publish","format-standard","has-post-thumbnail","hentry","category-news-fr"],"acf":[],"_links":{"self":[{"href":"https:\/\/northernlightsaerofoundation.com\/fr\/wp-json\/wp\/v2\/posts\/2017","targetHints":{"allow":["GET"]}}],"collection":[{"href":"https:\/\/northernlightsaerofoundation.com\/fr\/wp-json\/wp\/v2\/posts"}],"about":[{"href":"https:\/\/northernlightsaerofoundation.com\/fr\/wp-json\/wp\/v2\/types\/post"}],"author":[{"embeddable":true,"href":"https:\/\/northernlightsaerofoundation.com\/fr\/wp-json\/wp\/v2\/users\/3"}],"replies":[{"embeddable":true,"href":"https:\/\/northernlightsaerofoundation.com\/fr\/wp-json\/wp\/v2\/comments?post=2017"}],"version-history":[{"count":3,"href":"https:\/\/northernlightsaerofoundation.com\/fr\/wp-json\/wp\/v2\/posts\/2017\/revisions"}],"predecessor-version":[{"id":2020,"href":"https:\/\/northernlightsaerofoundation.com\/fr\/wp-json\/wp\/v2\/posts\/2017\/revisions\/2020"}],"wp:featuredmedia":[{"embeddable":true,"href":"https:\/\/northernlightsaerofoundation.com\/fr\/wp-json\/wp\/v2\/media\/1845"}],"wp:attachment":[{"href":"https:\/\/northernlightsaerofoundation.com\/fr\/wp-json\/wp\/v2\/media?parent=2017"}],"wp:term":[{"taxonomy":"category","embeddable":true,"href":"https:\/\/northernlightsaerofoundation.com\/fr\/wp-json\/wp\/v2\/categories?post=2017"},{"taxonomy":"post_tag","embeddable":true,"href":"https:\/\/northernlightsaerofoundation.com\/fr\/wp-json\/wp\/v2\/tags?post=2017"}],"curies":[{"name":"wp","href":"https:\/\/api.w.org\/{rel}","templated":true}]}}