{"id":2336,"date":"2024-01-03T17:06:37","date_gmt":"2024-01-03T22:06:37","guid":{"rendered":"https:\/\/northernlightsaerofoundation.com\/debut-des-mises-en-candidature-pour-lattribution-des-prestigieux-prix-elsie-macgill-des-secteurs-de-laviation-et-de-laerospatiale\/"},"modified":"2024-01-08T12:09:58","modified_gmt":"2024-01-08T17:09:58","slug":"debut-des-mises-en-candidature-pour-lattribution-des-prestigieux-prix-elsie-macgill-des-secteurs-de-laviation-et-de-laerospatiale","status":"publish","type":"post","link":"https:\/\/northernlightsaerofoundation.com\/fr\/debut-des-mises-en-candidature-pour-lattribution-des-prestigieux-prix-elsie-macgill-des-secteurs-de-laviation-et-de-laerospatiale\/","title":{"rendered":"D\u00e9but des mises en candidature pour l\u2019attribution des prestigieux prix Elsie MacGill des secteurs de l\u2019aviation et de l\u2019a\u00e9rospatiale"},"content":{"rendered":"\n<p><em>Le 3 janvier 2024, Toronto (Ontario) \u2013<\/em> La Northern Lights Aero Foundation accepte maintenant les propositions de candidature pour sa 15e remise des prix Elsie MacGill. Chaque ann\u00e9e, cette fondation nationale sans but lucratif rend hommage \u00e0 des Canadiennes remarquables dont l\u2019apport exceptionnel aux secteurs de l\u2019aviation ou de l\u2019a\u00e9rospatiale continue d\u2019ouvrir la voie \u00e0 d\u2019autres femmes qui aimeraient travailler dans ces domaines et s\u2019y illustrer. <\/p>\n\n<p>Les prix Elsie MacGill de la Northern Lights Aero Foundation (les \u00ab Elsie \u00bb) sont nomm\u00e9s en l\u2019honneur d\u2019Elsie Gregory MacGill, pionni\u00e8re de l\u2019aviation, d\u00e9fenseuse des droits de la personne et premi\u00e8re femme au monde \u00e0 concevoir des avions. Mme MacGill, qui a obtenu un dipl\u00f4me en g\u00e9nie \u00e9lectrique de l\u2019Universit\u00e9 de Toronto en 1927, a jou\u00e9 un r\u00f4le d\u00e9terminant dans la conception et la production au Canada du Hurricane de Hawker durant la Seconde Guerre mondiale. Au cours de sa carri\u00e8re, elle a si\u00e9g\u00e9 \u00e0 la Commission royale d\u2019enqu\u00eate sur la situation de la femme au Canada et a \u00e9t\u00e9 nomm\u00e9e Offici\u00e8re de l\u2019Ordre du Canada.  <\/p>\n\n<p>La Northern Lights Aero Foundation travaille sans cesse \u00e0 de nouvelles initiatives, notamment en mati\u00e8re de sensibilisation, de mentorat et de bourses d\u2019\u00e9tudes. Nous avons \u00e9tabli\u00e9 un jeune conseil d\u2019administration pour \u00e9duquer les jeunes femmes sur la gouvernance des conseils d\u2019administration. <\/p>\n\n<p>Les laur\u00e9ates de 2024 seront s\u00e9lectionn\u00e9es par un jury compos\u00e9 de professionnels de l\u2019industrie et du gouvernement, et seront honor\u00e9es au gala de remise des prix Elsie, qui aura lieu le 5 octobre, 2024 dans la r\u00e9gion de Toronto.<\/p>\n\n<p>Air Canada continue d\u2019agir \u00e0 titre de commanditaire principal du gala Northern Lights.<\/p>\n\n<p>Pour soumettre la candidature d\u2019une femme d\u2019exception ou pour en savoir plus sur la Northern Lights Aero Foundation et les possibilit\u00e9s de commandite, rendez-vous \u00e0 <a href=\"https:\/\/northernlightsaerofoundation.com\/fr\/\">northernlightsaerofoundation.com<\/a>. La date limite pour soumettre une candidature est le 31 mars 2024.<\/p>\n","protected":false},"excerpt":{"rendered":"<p>La Northern Lights Aero Foundation accepte d\u00e8s \u00e0 pr\u00e9sent les nominations pour son 15e programme annuel de r\u00e9compenses pour le gala des prix \u00ab\u00a0Elsie\u00a0\u00bb qui aura lieu le 5 octobre 2024.<\/p>\n","protected":false},"author":4,"featured_media":1845,"comment_status":"closed","ping_status":"closed","sticky":false,"template":"","format":"standard","meta":{"_acf_changed":false,"_EventAllDay":false,"_EventTimezone":"","_EventStartDate":"","_EventEndDate":"","_EventStartDateUTC":"","_EventEndDateUTC":"","_EventShowMap":false,"_EventShowMapLink":false,"_EventURL":"","_EventCost":"","_EventCostDescription":"","_EventCurrencySymbol":"","_EventCurrencyCode":"","_EventCurrencyPosition":"","_EventDateTimeSeparator":"","_EventTimeRangeSeparator":"","_EventOrganizerID":[],"_EventVenueID":[],"_OrganizerEmail":"","_OrganizerPhone":"","_OrganizerWebsite":"","_VenueAddress":"","_VenueCity":"","_VenueCountry":"","_VenueProvince":"","_VenueState":"","_VenueZip":"","_VenuePhone":"","_VenueURL":"","_VenueStateProvince":"","_VenueLat":"","_VenueLng":"","_VenueShowMap":false,"_VenueShowMapLink":false,"wds_primary_category":0,"footnotes":""},"categories":[23],"tags":[],"class_list":["post-2336","post","type-post","status-publish","format-standard","has-post-thumbnail","hentry","category-news-fr"],"acf":[],"_links":{"self":[{"href":"https:\/\/northernlightsaerofoundation.com\/fr\/wp-json\/wp\/v2\/posts\/2336","targetHints":{"allow":["GET"]}}],"collection":[{"href":"https:\/\/northernlightsaerofoundation.com\/fr\/wp-json\/wp\/v2\/posts"}],"about":[{"href":"https:\/\/northernlightsaerofoundation.com\/fr\/wp-json\/wp\/v2\/types\/post"}],"author":[{"embeddable":true,"href":"https:\/\/northernlightsaerofoundation.com\/fr\/wp-json\/wp\/v2\/users\/4"}],"replies":[{"embeddable":true,"href":"https:\/\/northernlightsaerofoundation.com\/fr\/wp-json\/wp\/v2\/comments?post=2336"}],"version-history":[{"count":2,"href":"https:\/\/northernlightsaerofoundation.com\/fr\/wp-json\/wp\/v2\/posts\/2336\/revisions"}],"predecessor-version":[{"id":2351,"href":"https:\/\/northernlightsaerofoundation.com\/fr\/wp-json\/wp\/v2\/posts\/2336\/revisions\/2351"}],"wp:featuredmedia":[{"embeddable":true,"href":"https:\/\/northernlightsaerofoundation.com\/fr\/wp-json\/wp\/v2\/media\/1845"}],"wp:attachment":[{"href":"https:\/\/northernlightsaerofoundation.com\/fr\/wp-json\/wp\/v2\/media?parent=2336"}],"wp:term":[{"taxonomy":"category","embeddable":true,"href":"https:\/\/northernlightsaerofoundation.com\/fr\/wp-json\/wp\/v2\/categories?post=2336"},{"taxonomy":"post_tag","embeddable":true,"href":"https:\/\/northernlightsaerofoundation.com\/fr\/wp-json\/wp\/v2\/tags?post=2336"}],"curies":[{"name":"wp","href":"https:\/\/api.w.org\/{rel}","templated":true}]}}